{"id":1309,"date":"2025-04-21T13:06:26","date_gmt":"2025-04-21T18:06:26","guid":{"rendered":"https:\/\/proquident.com.co\/linea-profesional\/?p=1309"},"modified":"2025-04-21T13:06:26","modified_gmt":"2025-04-21T18:06:26","slug":"cancer-bucal-signos-sintomas-y-cuando-consultar-al-odontologo","status":"publish","type":"post","link":"https:\/\/proquident.com.co\/linea-profesional\/cancer-bucal-signos-sintomas-y-cuando-consultar-al-odontologo\/","title":{"rendered":"C\u00e1ncer Bucal: Signos, S\u00edntomas y Cu\u00e1ndo Consultar al Odont\u00f3logo"},"content":{"rendered":"<p>El c\u00e1ncer bucal suele originarse en las c\u00e9lulas escamosas, unas c\u00e9lulas delgadas y planas que recubren los labios y el interior de la boca. La forma m\u00e1s com\u00fan de esta enfermedad es el <strong>carcinoma de c\u00e9lulas escamosas<\/strong>.<\/p>\n<p><img loading=\"lazy\" decoding=\"async\" class=\"alignnone  wp-image-1311\" src=\"https:\/\/proquident.com.co\/linea-profesional\/wp-content\/uploads\/sites\/4\/2025\/04\/cancer-bucal-200x300.jpg\" alt=\"\" width=\"292\" height=\"439\" srcset=\"https:\/\/proquident.com.co\/linea-profesional\/wp-content\/uploads\/sites\/4\/2025\/04\/cancer-bucal-200x300.jpg 200w, https:\/\/proquident.com.co\/linea-profesional\/wp-content\/uploads\/sites\/4\/2025\/04\/cancer-bucal-1025x1536.jpg 1025w, https:\/\/proquident.com.co\/linea-profesional\/wp-content\/uploads\/sites\/4\/2025\/04\/cancer-bucal-600x899.jpg 600w\" sizes=\"auto, (max-width: 292px) 100vw, 292px\" \/><\/p>\n<p>&nbsp;<\/p>\n<p>Aunque a\u00fan no se conocen con exactitud las causas que provocan estas mutaciones celulares, se han identificado varios factores de riesgo que aumentan la probabilidad de desarrollar c\u00e1ncer oral. Entre ellos destacan el consumo de tabaco en cualquiera de sus formas, el consumo excesivo de alcohol y la exposici\u00f3n prolongada al sol sin protecci\u00f3n adecuada.<\/p>\n<h3><strong>Principales signos y s\u00edntomas del c\u00e1ncer bucal:<\/strong><\/h3>\n<p>Es fundamental estar atentos a cualquier cambio persistente en la boca.<\/p>\n<p>A continuaci\u00f3n, te compartimos los s\u00edntomas m\u00e1s comunes:<\/p>\n<ul>\n<li>\u00dalcera en la boca que no cicatriza (el signo m\u00e1s frecuente).<\/li>\n<li>Dolor en la boca que no desaparece.<\/li>\n<li>Bultos o zonas engrosadas en las mejillas.<\/li>\n<li>Manchas blancas o rojas en las enc\u00edas, lengua, am\u00edgdalas o el revestimiento interno de la boca.<\/li>\n<li>Dolor de garganta persistente o sensaci\u00f3n de tener algo atorado.<\/li>\n<li>Dificultad para masticar o tragar.<\/li>\n<li>Problemas para mover la mand\u00edbula o la lengua.<\/li>\n<li>Entumecimiento en la lengua u otras \u00e1reas de la boca.<\/li>\n<li>Hinchaz\u00f3n en la mand\u00edbula que puede afectar el ajuste de las pr\u00f3tesis dentales.<\/li>\n<li>Dientes flojos o dolor en la mand\u00edbula.<\/li>\n<li>Cambios en la voz.<\/li>\n<li>Presencia de masas o bultos en el cuello.<\/li>\n<li>P\u00e9rdida de peso sin causa aparente.<\/li>\n<li>Mal aliento persistente.<\/li>\n<\/ul>\n<blockquote><p>Es importante tener en cuenta que muchos de estos s\u00edntomas pueden deberse a otras afecciones <a href=\"https:\/\/proquident.com.co\/linea-profesional\/gingivitis-todo-lo-que-necesitas-saber\/\">no cancer\u00edgenas<\/a>. Sin embargo, si alguno de ellos persiste por m\u00e1s de <strong>dos semanas<\/strong>, lo m\u00e1s recomendable es acudir a un odont\u00f3logo para una evaluaci\u00f3n profesional. La detecci\u00f3n temprana puede marcar la diferencia en el tratamiento y pron\u00f3stico.<\/p><\/blockquote>\n<p>&nbsp;<\/p>\n<p>Fuente: Dra. Natalia Olaya, Coordinadora conocimiento Proquident.<\/p>\n<p>&nbsp;<\/p>\n<p><a href=\"https:\/\/www.instagram.com\/proquident\/\">S\u00edguenos<\/a><\/p>\n","protected":false},"excerpt":{"rendered":"<p>El c\u00e1ncer bucal suele originarse en las c\u00e9lulas escamosas, unas c\u00e9lulas delgadas y planas que recubren los labios y el interior de la boca. La forma m\u00e1s com\u00fan de esta enfermedad es el carcinoma de c\u00e9lulas escamosas. &nbsp; Aunque a\u00fan no se conocen con exactitud las causas que provocan estas mutaciones celulares, se han identificado&hellip;<\/p>\n","protected":false},"author":4,"featured_media":1310,"comment_status":"open","ping_status":"closed","sticky":false,"template":"","format":"standard","meta":{"om_disable_all_campaigns":false,"inline_featured_image":false,"_monsterinsights_skip_tracking":false,"_monsterinsights_sitenote_active":false,"_monsterinsights_sitenote_note":"","_monsterinsights_sitenote_category":0,"_uf_show_specific_survey":0,"_uf_disable_surveys":false,"footnotes":""},"categories":[34,36],"tags":[209,208,213,195,212,210,211],"class_list":["post-1309","post","type-post","status-publish","format-standard","has-post-thumbnail","hentry","category-familia","category-salud-oral","tag-bucal","tag-cancer","tag-cuidados","tag-dientes","tag-enfermedades","tag-higiene","tag-oral"],"aioseo_notices":[],"_links":{"self":[{"href":"https:\/\/proquident.com.co\/linea-profesional\/wp-json\/wp\/v2\/posts\/1309","targetHints":{"allow":["GET"]}}],"collection":[{"href":"https:\/\/proquident.com.co\/linea-profesional\/wp-json\/wp\/v2\/posts"}],"about":[{"href":"https:\/\/proquident.com.co\/linea-profesional\/wp-json\/wp\/v2\/types\/post"}],"author":[{"embeddable":true,"href":"https:\/\/proquident.com.co\/linea-profesional\/wp-json\/wp\/v2\/users\/4"}],"replies":[{"embeddable":true,"href":"https:\/\/proquident.com.co\/linea-profesional\/wp-json\/wp\/v2\/comments?post=1309"}],"version-history":[{"count":1,"href":"https:\/\/proquident.com.co\/linea-profesional\/wp-json\/wp\/v2\/posts\/1309\/revisions"}],"predecessor-version":[{"id":1312,"href":"https:\/\/proquident.com.co\/linea-profesional\/wp-json\/wp\/v2\/posts\/1309\/revisions\/1312"}],"wp:featuredmedia":[{"embeddable":true,"href":"https:\/\/proquident.com.co\/linea-profesional\/wp-json\/wp\/v2\/media\/1310"}],"wp:attachment":[{"href":"https:\/\/proquident.com.co\/linea-profesional\/wp-json\/wp\/v2\/media?parent=1309"}],"wp:term":[{"taxonomy":"category","embeddable":true,"href":"https:\/\/proquident.com.co\/linea-profesional\/wp-json\/wp\/v2\/categories?post=1309"},{"taxonomy":"post_tag","embeddable":true,"href":"https:\/\/proquident.com.co\/linea-profesional\/wp-json\/wp\/v2\/tags?post=1309"}],"curies":[{"name":"wp","href":"https:\/\/api.w.org\/{rel}","templated":true}]}}